{"id":22476,"date":"2026-04-25T01:36:36","date_gmt":"2026-04-25T04:36:36","guid":{"rendered":"https:\/\/www.universo-deportivo.com.ar\/?p=22476"},"modified":"2026-04-25T01:36:36","modified_gmt":"2026-04-25T04:36:36","slug":"san-lorenzo-jugo-un-buen-primer-tiempo-donde-sello-el-triunfo-y-se-acerco-al-objetivo","status":"publish","type":"post","link":"https:\/\/www.universo-deportivo.com.ar\/?p=22476","title":{"rendered":"San Lorenzo jug\u00f3 un buen primer tiempo, donde sell\u00f3 el triunfo y se acerc\u00f3 al objetivo"},"content":{"rendered":"\n<p>La victoria de San lorenzo sobre Platense por 0-1 en el Estadio &#8220;Ciudad de Vicente L\u00f3pez&#8221; fue el resultado de un muy buen primer tiempo del Cicl\u00f3n, donde domin\u00f3 al rival, gener\u00f3 varias situaciones, y lleg\u00f3 al gol. En el complemento baj\u00f3 un poco el rendimiento, el partido fue m\u00e1s parejo, y al final el local tuvo varias llegadas que inquietaron a la defensa azulgrana, pero que sostuvo con energ\u00eda el triunfo.<\/p>\n\n\n\n<figure class=\"wp-block-image size-large\"><a href=\"https:\/\/www.universo-deportivo.com.ar\/wp-content\/uploads\/2026\/04\/IMG_6811-scaled.jpeg\"><img loading=\"lazy\" width=\"1024\" height=\"576\" src=\"https:\/\/www.universo-deportivo.com.ar\/wp-content\/uploads\/2026\/04\/IMG_6811-1024x576.jpeg\" alt=\"\" class=\"wp-image-22479\" srcset=\"https:\/\/www.universo-deportivo.com.ar\/wp-content\/uploads\/2026\/04\/IMG_6811-1024x576.jpeg 1024w, https:\/\/www.universo-deportivo.com.ar\/wp-content\/uploads\/2026\/04\/IMG_6811-300x169.jpeg 300w, https:\/\/www.universo-deportivo.com.ar\/wp-content\/uploads\/2026\/04\/IMG_6811-768x432.jpeg 768w, https:\/\/www.universo-deportivo.com.ar\/wp-content\/uploads\/2026\/04\/IMG_6811-1536x864.jpeg 1536w, https:\/\/www.universo-deportivo.com.ar\/wp-content\/uploads\/2026\/04\/IMG_6811-2048x1152.jpeg 2048w\" sizes=\"(max-width: 1024px) 100vw, 1024px\" \/><\/a><\/figure>\n\n\n\n<p>Platense form\u00f3 con Mat\u00edas Borgogno; Juan Ignacio Saborido, Mateo Mend\u00eda, V\u00edctor Cuesta y Tom\u00e1s Silva; Pablo Ferreira, Maximiliano Amarfil; Guido Mainero, Nicol\u00e1s Retamar y Franco Zapiola; Tom\u00e1s Nasif.<\/p>\n\n\n\n<p>El Cicl\u00f3n aline\u00f3 a Orlando Gill; Ezequiel Herrera, Jhohan Roma\u00f1a y Lautaro Montenegro; Nicol\u00e1s Tripichio, Facundo Gulli, Manuel Insaurralde, Math\u00edas De Ritis; Mat\u00edas Reali; Alexis Cuello y Rodrigo Auzmendi.\u00a0<\/p>\n\n\n\n<figure class=\"wp-block-image size-large\"><a href=\"https:\/\/www.universo-deportivo.com.ar\/wp-content\/uploads\/2026\/04\/IMG_6812-scaled.jpeg\"><img loading=\"lazy\" width=\"1024\" height=\"576\" src=\"https:\/\/www.universo-deportivo.com.ar\/wp-content\/uploads\/2026\/04\/IMG_6812-1024x576.jpeg\" alt=\"\" class=\"wp-image-22480\" srcset=\"https:\/\/www.universo-deportivo.com.ar\/wp-content\/uploads\/2026\/04\/IMG_6812-1024x576.jpeg 1024w, https:\/\/www.universo-deportivo.com.ar\/wp-content\/uploads\/2026\/04\/IMG_6812-300x169.jpeg 300w, https:\/\/www.universo-deportivo.com.ar\/wp-content\/uploads\/2026\/04\/IMG_6812-768x432.jpeg 768w, https:\/\/www.universo-deportivo.com.ar\/wp-content\/uploads\/2026\/04\/IMG_6812-1536x864.jpeg 1536w, https:\/\/www.universo-deportivo.com.ar\/wp-content\/uploads\/2026\/04\/IMG_6812-2048x1152.jpeg 2048w\" sizes=\"(max-width: 1024px) 100vw, 1024px\" \/><\/a><\/figure>\n\n\n\n<p>El local tuvo una llegada a los 5&#8242;, a trav\u00e9s de un disparo de Tom\u00e1s Nasif que se fue al corner. respondi\u00f3 San Lorenzo, a los 7&#8242;, con un remate de Mat\u00edas Reali que control\u00f3 Borgogno. <\/p>\n\n\n\n<p>A partir de all\u00ed, la visita tuvo m\u00e1s la pelota, le dio buena circulaci\u00f3n y movimiento, para empezar a sumar llegadas. A los 10&#8242;, Alexis Cuello realiz\u00f3 una buena jugada por derecha, asisti\u00f3 a Auzmendi, que no pudo controlar bien, y su tiro sali\u00f3 desviado.<\/p>\n\n\n\n<p>Hasta que a los 26&#8242;, de un tiro de esquina, surgi\u00f3 Rodrigo Auzmendi, para poner un cabezazo que se transform\u00f3 en el 0-1 a favor de San Lorenzo.<\/p>\n\n\n\n<p>Y pudo aumentar el Cicl\u00f3n, a los 36&#8242;, con desborde de Raeli, el centro atr\u00e1s, y Cuesta la sac\u00f3 al corner con lo justo.<\/p>\n\n\n\n<figure class=\"wp-block-image size-large\"><a href=\"https:\/\/www.universo-deportivo.com.ar\/wp-content\/uploads\/2026\/04\/IMG_6819-scaled.jpeg\"><img loading=\"lazy\" width=\"1024\" height=\"576\" src=\"https:\/\/www.universo-deportivo.com.ar\/wp-content\/uploads\/2026\/04\/IMG_6819-1024x576.jpeg\" alt=\"\" class=\"wp-image-22481\" srcset=\"https:\/\/www.universo-deportivo.com.ar\/wp-content\/uploads\/2026\/04\/IMG_6819-1024x576.jpeg 1024w, https:\/\/www.universo-deportivo.com.ar\/wp-content\/uploads\/2026\/04\/IMG_6819-300x169.jpeg 300w, https:\/\/www.universo-deportivo.com.ar\/wp-content\/uploads\/2026\/04\/IMG_6819-768x432.jpeg 768w, https:\/\/www.universo-deportivo.com.ar\/wp-content\/uploads\/2026\/04\/IMG_6819-1536x864.jpeg 1536w, https:\/\/www.universo-deportivo.com.ar\/wp-content\/uploads\/2026\/04\/IMG_6819-2048x1152.jpeg 2048w\" sizes=\"(max-width: 1024px) 100vw, 1024px\" \/><\/a><\/figure>\n\n\n\n<p>Para empezar el segundo tiempo, los dos equipos hicieron una variante. Agust\u00edn Lagos entr\u00f3 por Juan Ignacio Saborido, en el local, y en el equipo de Boedo, Mat\u00edas Hern\u00e1ndez reemplaz\u00f3 a Alexis Cuello.<\/p>\n\n\n\n<p>Mejor\u00f3 el local, y a los 53&#8242; Nasif hizo un buen enganche, y sac\u00f3 un tiro que atrap\u00f3 Gill.<\/p>\n\n\n\n<p>A los 64&#8242; lleg\u00f3 el segundo cambio en San Lorenzo: Gregorio Rodr\u00edguez entr\u00f3 por Mat\u00edas Reali, mientras que Walter Zunino, entrenador del &#8220;Calamar&#8221;, efectu\u00f3 la segunda y tercera variantes de su equipo. Lencina reemplaz\u00f3 a Guido Mainero, mientras que Bautista Merlini ingres\u00f3 por Maximiliano Amarfil.<\/p>\n\n\n\n<figure class=\"wp-block-image size-large\"><a href=\"https:\/\/www.universo-deportivo.com.ar\/wp-content\/uploads\/2026\/04\/IMG_6818-scaled.jpeg\"><img loading=\"lazy\" width=\"1024\" height=\"576\" src=\"https:\/\/www.universo-deportivo.com.ar\/wp-content\/uploads\/2026\/04\/IMG_6818-1024x576.jpeg\" alt=\"\" class=\"wp-image-22482\" srcset=\"https:\/\/www.universo-deportivo.com.ar\/wp-content\/uploads\/2026\/04\/IMG_6818-1024x576.jpeg 1024w, https:\/\/www.universo-deportivo.com.ar\/wp-content\/uploads\/2026\/04\/IMG_6818-300x169.jpeg 300w, https:\/\/www.universo-deportivo.com.ar\/wp-content\/uploads\/2026\/04\/IMG_6818-768x432.jpeg 768w, https:\/\/www.universo-deportivo.com.ar\/wp-content\/uploads\/2026\/04\/IMG_6818-1536x864.jpeg 1536w, https:\/\/www.universo-deportivo.com.ar\/wp-content\/uploads\/2026\/04\/IMG_6818-2048x1152.jpeg 2048w\" sizes=\"(max-width: 1024px) 100vw, 1024px\" \/><\/a><\/figure>\n\n\n\n<p>M\u00e1s tarde, a los 72&#8242;, hizo la cuarta modificaci\u00f3n: Gauto sustituy\u00f3 a Nicol\u00e1s Retamar. En el Cicl\u00f3n, a los 74&#8242; Nahuel Barrios entr\u00f3 por Facundo Gulli.<\/p>\n\n\n\n<p>A los 80&#8242; Zunino efectu\u00f3 la \u00faltima variante en Platense, cuando Leonardo Heredia ingres\u00f3 por Tom\u00e1s Nasif. A partir de all\u00ed tuvo varias chances. a los 82&#8242; Bautista Merlini sac\u00f3 un tiro que Gill desvi\u00f3 al corner. Cuando iban 84&#8242;, tras un centro, el disparo de Heredia pas\u00f3 cerca. <\/p>\n\n\n\n<p>Gustavo \u00c1lvarez, entrenador del Cicl\u00f3n, hizo un cambio m\u00e1s a los 86&#8242;: Diego Herazo ingres\u00f3 por Mat\u00edas Hern\u00e1ndez.<\/p>\n\n\n\n<figure class=\"wp-block-image size-large\"><a href=\"https:\/\/www.universo-deportivo.com.ar\/wp-content\/uploads\/2026\/04\/IMG_6816-scaled.jpeg\"><img loading=\"lazy\" width=\"1024\" height=\"576\" src=\"https:\/\/www.universo-deportivo.com.ar\/wp-content\/uploads\/2026\/04\/IMG_6816-1024x576.jpeg\" alt=\"\" class=\"wp-image-22483\" srcset=\"https:\/\/www.universo-deportivo.com.ar\/wp-content\/uploads\/2026\/04\/IMG_6816-1024x576.jpeg 1024w, https:\/\/www.universo-deportivo.com.ar\/wp-content\/uploads\/2026\/04\/IMG_6816-300x169.jpeg 300w, https:\/\/www.universo-deportivo.com.ar\/wp-content\/uploads\/2026\/04\/IMG_6816-768x432.jpeg 768w, https:\/\/www.universo-deportivo.com.ar\/wp-content\/uploads\/2026\/04\/IMG_6816-1536x864.jpeg 1536w, https:\/\/www.universo-deportivo.com.ar\/wp-content\/uploads\/2026\/04\/IMG_6816-2048x1152.jpeg 2048w\" sizes=\"(max-width: 1024px) 100vw, 1024px\" \/><\/a><\/figure>\n\n\n\n<p>El &#8220;Marr\u00f3n&#8221; cont\u00f3 con un tiro libre de Zapiola que control\u00f3 Gill, sobre el final. Fue la \u00faltima, en un partido que San Lorenzo justific\u00f3 el triunfo por lo hecho en el primer tiempo, pero en el segundo baj\u00f3 su producci\u00f3n, y Platense cont\u00f3 con varias llegadas.<\/p>\n\n\n\n<p>Merode\u00f3 el \u00e1rea del Cicl\u00f3n, pero no tuvo profundidad para definir. Y San Lorenzo se aferr\u00f3 a la victoria, para so\u00f1ar con la clasificaci\u00f3n, y tambi\u00e9n con la Copa, un desaf\u00edo para ambos equipos en la semana que est\u00e1 por iniciarse. <\/p>\n\n\n\n<figure class=\"wp-block-image size-large\"><a href=\"https:\/\/www.universo-deportivo.com.ar\/wp-content\/uploads\/2026\/04\/658C184B-DA84-46F9-9A0E-1A0FADB71BC5-scaled.jpeg\"><img loading=\"lazy\" width=\"1024\" height=\"576\" src=\"https:\/\/www.universo-deportivo.com.ar\/wp-content\/uploads\/2026\/04\/658C184B-DA84-46F9-9A0E-1A0FADB71BC5-1024x576.jpeg\" alt=\"\" class=\"wp-image-22484\" srcset=\"https:\/\/www.universo-deportivo.com.ar\/wp-content\/uploads\/2026\/04\/658C184B-DA84-46F9-9A0E-1A0FADB71BC5-1024x576.jpeg 1024w, https:\/\/www.universo-deportivo.com.ar\/wp-content\/uploads\/2026\/04\/658C184B-DA84-46F9-9A0E-1A0FADB71BC5-300x169.jpeg 300w, https:\/\/www.universo-deportivo.com.ar\/wp-content\/uploads\/2026\/04\/658C184B-DA84-46F9-9A0E-1A0FADB71BC5-768x432.jpeg 768w, https:\/\/www.universo-deportivo.com.ar\/wp-content\/uploads\/2026\/04\/658C184B-DA84-46F9-9A0E-1A0FADB71BC5-1536x864.jpeg 1536w, https:\/\/www.universo-deportivo.com.ar\/wp-content\/uploads\/2026\/04\/658C184B-DA84-46F9-9A0E-1A0FADB71BC5-2048x1152.jpeg 2048w\" sizes=\"(max-width: 1024px) 100vw, 1024px\" \/><\/a><\/figure>\n\n\n\n<figure class=\"wp-block-image\"><img alt=\"\"\/><\/figure>\n\n\n\n<p><strong>Hern\u00e1n O&#8217;Donnell<\/strong><\/p>\n","protected":false},"excerpt":{"rendered":"<p>La victoria de San lorenzo sobre Platense por 0-1 en el Estadio &#8220;Ciudad de Vicente L\u00f3pez&#8221; fue el resultado de un muy buen primer tiempo del Cicl\u00f3n, donde domin\u00f3 al rival, gener\u00f3 varias situaciones, y lleg\u00f3 al gol. En el complemento baj\u00f3 un poco el rendimiento, el partido fue m\u00e1s parejo, y al final el &hellip; <a href=\"https:\/\/www.universo-deportivo.com.ar\/?p=22476\" class=\"more-link\">Seguir leyendo <span class=\"screen-reader-text\">San Lorenzo jug\u00f3 un buen primer tiempo, donde sell\u00f3 el triunfo y se acerc\u00f3 al objetivo<\/span> <span class=\"meta-nav\">&rarr;<\/span><\/a><\/p>\n","protected":false},"author":1,"featured_media":0,"comment_status":"closed","ping_status":"closed","sticky":false,"template":"","format":"standard","meta":[],"categories":[6],"tags":[],"_links":{"self":[{"href":"https:\/\/www.universo-deportivo.com.ar\/index.php?rest_route=\/wp\/v2\/posts\/22476"}],"collection":[{"href":"https:\/\/www.universo-deportivo.com.ar\/index.php?rest_route=\/wp\/v2\/posts"}],"about":[{"href":"https:\/\/www.universo-deportivo.com.ar\/index.php?rest_route=\/wp\/v2\/types\/post"}],"author":[{"embeddable":true,"href":"https:\/\/www.universo-deportivo.com.ar\/index.php?rest_route=\/wp\/v2\/users\/1"}],"replies":[{"embeddable":true,"href":"https:\/\/www.universo-deportivo.com.ar\/index.php?rest_route=%2Fwp%2Fv2%2Fcomments&post=22476"}],"version-history":[{"count":4,"href":"https:\/\/www.universo-deportivo.com.ar\/index.php?rest_route=\/wp\/v2\/posts\/22476\/revisions"}],"predecessor-version":[{"id":22486,"href":"https:\/\/www.universo-deportivo.com.ar\/index.php?rest_route=\/wp\/v2\/posts\/22476\/revisions\/22486"}],"wp:attachment":[{"href":"https:\/\/www.universo-deportivo.com.ar\/index.php?rest_route=%2Fwp%2Fv2%2Fmedia&parent=22476"}],"wp:term":[{"taxonomy":"category","embeddable":true,"href":"https:\/\/www.universo-deportivo.com.ar\/index.php?rest_route=%2Fwp%2Fv2%2Fcategories&post=22476"},{"taxonomy":"post_tag","embeddable":true,"href":"https:\/\/www.universo-deportivo.com.ar\/index.php?rest_route=%2Fwp%2Fv2%2Ftags&post=22476"}],"curies":[{"name":"wp","href":"https:\/\/api.w.org\/{rel}","templated":true}]}}