{"id":22497,"date":"2026-04-26T19:07:33","date_gmt":"2026-04-26T22:07:33","guid":{"rendered":"https:\/\/www.universo-deportivo.com.ar\/?p=22497"},"modified":"2026-04-26T19:07:33","modified_gmt":"2026-04-26T22:07:33","slug":"arsenal-y-villa-dalmine-buscaron-el-triunfo-pero-el-empate-les-sirvio-para-seguir-en-la-punta","status":"publish","type":"post","link":"https:\/\/www.universo-deportivo.com.ar\/?p=22497","title":{"rendered":"Arsenal y Villa D\u00e1lmine buscaron el triunfo, pero el empate les sirvi\u00f3 para seguir en la punta"},"content":{"rendered":"\n<p>Fue un partido atractivo porque los dos equipos jugaron para ganar. los dos quisieron los tres puntos, fueron a buscar el partido y no especularon en ning\u00fan momento. En ese sentido, el encuentro fue para elogiar. Desde el punto de vista t\u00e9cnico, tuvo altibajos, momentos de lucidez, jugadas muy bien elaboradas y por momentos, una lucha en el medio campo que le baj\u00f3 calidad y llegadas. Pero, en el balance, el empate 1-1 entre Arsenal y Villa D\u00e1lmine, es para elogiar, porque ambos se brindaron, y jugaron al ataque, con momentos de muy buen f\u00fatbol. Fue algo m\u00e1s la visita, pero el empate no le queda mal al desarrollo del partido.<\/p>\n\n\n\n<figure class=\"wp-block-image size-large\"><a href=\"https:\/\/www.universo-deportivo.com.ar\/wp-content\/uploads\/2026\/04\/IMG_7103-scaled.jpeg\"><img loading=\"lazy\" width=\"1024\" height=\"576\" src=\"https:\/\/www.universo-deportivo.com.ar\/wp-content\/uploads\/2026\/04\/IMG_7103-1024x576.jpeg\" alt=\"\" class=\"wp-image-22500\" srcset=\"https:\/\/www.universo-deportivo.com.ar\/wp-content\/uploads\/2026\/04\/IMG_7103-1024x576.jpeg 1024w, https:\/\/www.universo-deportivo.com.ar\/wp-content\/uploads\/2026\/04\/IMG_7103-300x169.jpeg 300w, https:\/\/www.universo-deportivo.com.ar\/wp-content\/uploads\/2026\/04\/IMG_7103-768x432.jpeg 768w, https:\/\/www.universo-deportivo.com.ar\/wp-content\/uploads\/2026\/04\/IMG_7103-1536x864.jpeg 1536w, https:\/\/www.universo-deportivo.com.ar\/wp-content\/uploads\/2026\/04\/IMG_7103-2048x1152.jpeg 2048w\" sizes=\"(max-width: 1024px) 100vw, 1024px\" \/><\/a><\/figure>\n\n\n\n<p>Arsenal form\u00f3 con Juli\u00e1n Lobelos; Thiago Schiavulli, Alexis Pay\u00e9s, Iv\u00e1n Peralta y Dami\u00e1n P\u00e9rez; Mat\u00edas Lucero, Talo Colletta, Juli\u00e1n Vila y Mat\u00edas Sosa; Ivo Kestler y Uriel La Roza.<\/p>\n\n\n\n<p>Villa D\u00e1lmine aline\u00f3 a Juan Mart\u00edn Rojas; Lauro Gamba, Cristian Broggi, Nicol\u00e1s Agorreca y Diego Mart\u00ednez; Facundo Garzino, Mat\u00edas Nizzo, Mateo Sol\u00eds y Santiago Prim; Gonzalo Torres y Tom\u00e1s Ponzo.<\/p>\n\n\n\n<p>Comenz\u00f3 mejor la visita, con el control de la pelota y el dominio territorial. Sin embargo, fue el equipo del &#8220;Viaducto&#8221; el que abri\u00f3 el marcador. Sucedi\u00f3 a los 8&#8242;, cuando tuvo un tiro de esquina, la peinaron hacia adentro y arremeti\u00f3 Iv\u00e1n Peralta para poner el 1-0 a favor de Arsenal.<\/p>\n\n\n\n<p>Volvi\u00f3 a tener la pelota el equipo de Campana, al ritmo de Santiago Prim. Mientras que el local avisaba a partir de una intenci\u00f3n ofensiva muy clara, con Schiavulli bien adelantado, m\u00e1s en posici\u00f3n de puntero que de lateral defensivo. Arsenal ten\u00eda muy marcado su ambici\u00f3n de ataque. A los 22&#8242; la baj\u00f3 Thiago Schiavulli, dispar\u00f3 Kestler, y el arquero Juan Mart\u00edn Rojas la sac\u00f3 al corner.<\/p>\n\n\n\n<figure class=\"wp-block-image size-large\"><a href=\"https:\/\/www.universo-deportivo.com.ar\/wp-content\/uploads\/2026\/04\/IMG_7104-scaled.jpeg\"><img loading=\"lazy\" width=\"1024\" height=\"576\" src=\"https:\/\/www.universo-deportivo.com.ar\/wp-content\/uploads\/2026\/04\/IMG_7104-1024x576.jpeg\" alt=\"\" class=\"wp-image-22501\" srcset=\"https:\/\/www.universo-deportivo.com.ar\/wp-content\/uploads\/2026\/04\/IMG_7104-1024x576.jpeg 1024w, https:\/\/www.universo-deportivo.com.ar\/wp-content\/uploads\/2026\/04\/IMG_7104-300x169.jpeg 300w, https:\/\/www.universo-deportivo.com.ar\/wp-content\/uploads\/2026\/04\/IMG_7104-768x432.jpeg 768w, https:\/\/www.universo-deportivo.com.ar\/wp-content\/uploads\/2026\/04\/IMG_7104-1536x864.jpeg 1536w, https:\/\/www.universo-deportivo.com.ar\/wp-content\/uploads\/2026\/04\/IMG_7104-2048x1152.jpeg 2048w\" sizes=\"(max-width: 1024px) 100vw, 1024px\" \/><\/a><\/figure>\n\n\n\n<p>Cuando iban 32&#8242; Arsenal volvi\u00f3 a tener una chance clara, cuando Mat\u00edas Lucero recuper\u00f3 una pelota, cedi\u00f3 a Mat\u00edas Sosa y su tiro sali\u00f3 al corner.<\/p>\n\n\n\n<p>El partido era equilibrado y se repart\u00eda momentos. Cuando parec\u00eda estra mejor el local, lleg\u00f3 la igualdad. Fue a los 41&#8242;, tras un tiro libre y el cabezazo de Diego Mart\u00ednez, que convirti\u00f3 para que Villa Dalmine empatara 1-1.<\/p>\n\n\n\n<figure class=\"wp-block-image size-large\"><a href=\"https:\/\/www.universo-deportivo.com.ar\/wp-content\/uploads\/2026\/04\/IMG_7111-scaled.jpeg\"><img loading=\"lazy\" width=\"1024\" height=\"576\" src=\"https:\/\/www.universo-deportivo.com.ar\/wp-content\/uploads\/2026\/04\/IMG_7111-1024x576.jpeg\" alt=\"\" class=\"wp-image-22502\" srcset=\"https:\/\/www.universo-deportivo.com.ar\/wp-content\/uploads\/2026\/04\/IMG_7111-1024x576.jpeg 1024w, https:\/\/www.universo-deportivo.com.ar\/wp-content\/uploads\/2026\/04\/IMG_7111-300x169.jpeg 300w, https:\/\/www.universo-deportivo.com.ar\/wp-content\/uploads\/2026\/04\/IMG_7111-768x432.jpeg 768w, https:\/\/www.universo-deportivo.com.ar\/wp-content\/uploads\/2026\/04\/IMG_7111-1536x864.jpeg 1536w, https:\/\/www.universo-deportivo.com.ar\/wp-content\/uploads\/2026\/04\/IMG_7111-2048x1152.jpeg 2048w\" sizes=\"(max-width: 1024px) 100vw, 1024px\" \/><\/a><\/figure>\n\n\n\n<p>Comenz\u00f3 mejor el &#8220;Lila&#8221; en el segundo tiempo. A los 59&#8242; efectu\u00f3 la mejor jugada del partido. Fue una combinaci\u00f3n por derecha, con un pase filtrado y en profundidad para el ingreso libre de Facundo Garzino, pero su remate sali\u00f3 desviado.<\/p>\n\n\n\n<p>Respondi\u00f3 el &#8220;Arse&#8221; a los 62&#8242;, con una llegada muy clara. En Tanto, Fabi\u00e1n Lisa abri\u00f3 la ventana de cambios para el local. Valent\u00edn Serrano ingres\u00f3 por Juli\u00e1n Vila, y Matteo Trombini entr\u00f3 por Mat\u00edas Sosa, a los 62&#8242; de juego.<\/p>\n\n\n\n<p>Ah\u00ed el partido se hizo m\u00e1s disputado en el medio. Serrano entr\u00f3 bien y con mucha movilidad por izquierda, donde hac\u00eda un t\u00e1ndem con Dami\u00e1n P\u00e9rez. D\u00e1lmine manejaba con buen criterio el bal\u00f3n, y tambi\u00e9n mostraba sus intenciones.<\/p>\n\n\n\n<p>Cuando iban 73&#8242; Lisa realiz\u00f3 el tercer cambio en el local: Alexis Vega sustituy\u00f3 a Uriel La Roza. En la visita, tambi\u00e9n a los 73&#8242; hubo dos modificaciones. \u00c1ngel Ram\u00f3n reemplaz\u00f3 a Santiago Torres, y Pablo Oro ingres\u00f3 en lugar de Santiago Prim.<\/p>\n\n\n\n<figure class=\"wp-block-image size-large\"><a href=\"https:\/\/www.universo-deportivo.com.ar\/wp-content\/uploads\/2026\/04\/IMG_7107-scaled.jpeg\"><img loading=\"lazy\" width=\"1024\" height=\"576\" src=\"https:\/\/www.universo-deportivo.com.ar\/wp-content\/uploads\/2026\/04\/IMG_7107-1024x576.jpeg\" alt=\"\" class=\"wp-image-22503\" srcset=\"https:\/\/www.universo-deportivo.com.ar\/wp-content\/uploads\/2026\/04\/IMG_7107-1024x576.jpeg 1024w, https:\/\/www.universo-deportivo.com.ar\/wp-content\/uploads\/2026\/04\/IMG_7107-300x169.jpeg 300w, https:\/\/www.universo-deportivo.com.ar\/wp-content\/uploads\/2026\/04\/IMG_7107-768x432.jpeg 768w, https:\/\/www.universo-deportivo.com.ar\/wp-content\/uploads\/2026\/04\/IMG_7107-1536x864.jpeg 1536w, https:\/\/www.universo-deportivo.com.ar\/wp-content\/uploads\/2026\/04\/IMG_7107-2048x1152.jpeg 2048w\" sizes=\"(max-width: 1024px) 100vw, 1024px\" \/><\/a><\/figure>\n\n\n\n<p>Un poco m\u00e1s tarde, a los 78&#8242;, Fabi\u00e1n Lisa efectu\u00f3 los \u00faltimos dos cambios en Arsenal. Mariano Del Col ingres\u00f3 por Thiago Schiavulli, y Joaqu\u00edn ochoa Gim\u00e9nez reemplaz\u00f3 Mat\u00edas Lucero.<\/p>\n\n\n\n<p>Ariel Fuscaldo, entrenador de la visita, hizo dos variantes m\u00e1s a los 80&#8242;. Santino Forlani sustituy\u00f3 a Mateo Sol\u00eds, y Valent\u00edn Carlucci reemplaz\u00f3 a Mat\u00edas Nizzo.<\/p>\n\n\n\n<p>El equipo de Campana tuvo la \u00faltima a los 90+2&#8242;, cuando Valent\u00edn Carlucci sac\u00f3 un buen remate que sali\u00f3 muy cerca. Fue la \u00faltima de un buen partido, que tanto Arsenal como Villa D\u00e1lmine quisieron ganar, pero que el empate les sirvi\u00f3 para seguir punteros en el Campeonato.<\/p>\n\n\n\n<figure class=\"wp-block-image size-large\"><a href=\"https:\/\/www.universo-deportivo.com.ar\/wp-content\/uploads\/2026\/04\/IMG_7096.jpeg\"><img loading=\"lazy\" width=\"1024\" height=\"550\" src=\"https:\/\/www.universo-deportivo.com.ar\/wp-content\/uploads\/2026\/04\/IMG_7096-1024x550.jpeg\" alt=\"\" class=\"wp-image-22504\" srcset=\"https:\/\/www.universo-deportivo.com.ar\/wp-content\/uploads\/2026\/04\/IMG_7096-1024x550.jpeg 1024w, https:\/\/www.universo-deportivo.com.ar\/wp-content\/uploads\/2026\/04\/IMG_7096-300x161.jpeg 300w, https:\/\/www.universo-deportivo.com.ar\/wp-content\/uploads\/2026\/04\/IMG_7096-768x412.jpeg 768w, https:\/\/www.universo-deportivo.com.ar\/wp-content\/uploads\/2026\/04\/IMG_7096.jpeg 1125w\" sizes=\"(max-width: 1024px) 100vw, 1024px\" \/><\/a><\/figure>\n\n\n\n<figure class=\"wp-block-image\"><img alt=\"\"\/><\/figure>\n\n\n\n<p><strong>Hern\u00e1n O&#8217;Donnell<\/strong><\/p>\n","protected":false},"excerpt":{"rendered":"<p>Fue un partido atractivo porque los dos equipos jugaron para ganar. los dos quisieron los tres puntos, fueron a buscar el partido y no especularon en ning\u00fan momento. En ese sentido, el encuentro fue para elogiar. Desde el punto de vista t\u00e9cnico, tuvo altibajos, momentos de lucidez, jugadas muy bien elaboradas y por momentos, una &hellip; <a href=\"https:\/\/www.universo-deportivo.com.ar\/?p=22497\" class=\"more-link\">Seguir leyendo <span class=\"screen-reader-text\">Arsenal y Villa D\u00e1lmine buscaron el triunfo, pero el empate les sirvi\u00f3 para seguir en la punta<\/span> <span class=\"meta-nav\">&rarr;<\/span><\/a><\/p>\n","protected":false},"author":1,"featured_media":0,"comment_status":"closed","ping_status":"closed","sticky":false,"template":"","format":"standard","meta":[],"categories":[6],"tags":[],"_links":{"self":[{"href":"https:\/\/www.universo-deportivo.com.ar\/index.php?rest_route=\/wp\/v2\/posts\/22497"}],"collection":[{"href":"https:\/\/www.universo-deportivo.com.ar\/index.php?rest_route=\/wp\/v2\/posts"}],"about":[{"href":"https:\/\/www.universo-deportivo.com.ar\/index.php?rest_route=\/wp\/v2\/types\/post"}],"author":[{"embeddable":true,"href":"https:\/\/www.universo-deportivo.com.ar\/index.php?rest_route=\/wp\/v2\/users\/1"}],"replies":[{"embeddable":true,"href":"https:\/\/www.universo-deportivo.com.ar\/index.php?rest_route=%2Fwp%2Fv2%2Fcomments&post=22497"}],"version-history":[{"count":4,"href":"https:\/\/www.universo-deportivo.com.ar\/index.php?rest_route=\/wp\/v2\/posts\/22497\/revisions"}],"predecessor-version":[{"id":22506,"href":"https:\/\/www.universo-deportivo.com.ar\/index.php?rest_route=\/wp\/v2\/posts\/22497\/revisions\/22506"}],"wp:attachment":[{"href":"https:\/\/www.universo-deportivo.com.ar\/index.php?rest_route=%2Fwp%2Fv2%2Fmedia&parent=22497"}],"wp:term":[{"taxonomy":"category","embeddable":true,"href":"https:\/\/www.universo-deportivo.com.ar\/index.php?rest_route=%2Fwp%2Fv2%2Fcategories&post=22497"},{"taxonomy":"post_tag","embeddable":true,"href":"https:\/\/www.universo-deportivo.com.ar\/index.php?rest_route=%2Fwp%2Fv2%2Ftags&post=22497"}],"curies":[{"name":"wp","href":"https:\/\/api.w.org\/{rel}","templated":true}]}}