{"id":23117,"date":"2026-09-04T23:39:58","date_gmt":"2026-09-05T02:39:58","guid":{"rendered":"https:\/\/www.universo-deportivo.com.ar\/?p=23117"},"modified":"2026-09-04T23:39:58","modified_gmt":"2026-09-05T02:39:58","slug":"platense-comenzo-mejor-riestra-mejoro-en-el-complemento-pero-el-empate-les-sirve-de-poco","status":"publish","type":"post","link":"https:\/\/www.universo-deportivo.com.ar\/?p=23117","title":{"rendered":"Platense comenz\u00f3 mejor, Riestra mejor\u00f3 en el complemento, pero el empate les sirve de poco"},"content":{"rendered":"\n<p>El encuentro fue m\u00e1s entretenido de lo previsto. La &#8220;C\u00e1tedra&#8221; dec\u00eda que el partido iba a una irremediable igualdad con el marcador en blanco, pero Platense y Deportivo Riestra se las ingeniaron para armar un partido entretenido, con pocas llegadas, es verdad, pero con ganas y cierta inc\u00f3gnita en el resultado final. Fue empate 1-1, aunque Platense nos dej\u00f3 una mejor impresi\u00f3n, porque el equipo estuvo bien en el partido hasta el minuto &#8217;70, cuando Riestra lleg\u00f3 a la paridad, y ah\u00ed se desdibuj\u00f3 un poco, a la vez que la visita empuj\u00f3 en el complemento para llegar al equilibrio, tras irse en desventaja al descanso. Al cabo, el empate les dej\u00f3 un gusto a poco, porque ambos resignaron dos unidades en la lucha por la clasificaci\u00f3n.<\/p>\n\n\n\n<figure class=\"wp-block-image size-large\"><a href=\"https:\/\/www.universo-deportivo.com.ar\/wp-content\/uploads\/2026\/09\/91be6d7e-1b08-4efb-b923-37d71d21c112.jpeg\"><img loading=\"lazy\" width=\"1024\" height=\"576\" src=\"https:\/\/www.universo-deportivo.com.ar\/wp-content\/uploads\/2026\/09\/91be6d7e-1b08-4efb-b923-37d71d21c112-1024x576.jpeg\" alt=\"\" class=\"wp-image-23120\" srcset=\"https:\/\/www.universo-deportivo.com.ar\/wp-content\/uploads\/2026\/09\/91be6d7e-1b08-4efb-b923-37d71d21c112-1024x576.jpeg 1024w, https:\/\/www.universo-deportivo.com.ar\/wp-content\/uploads\/2026\/09\/91be6d7e-1b08-4efb-b923-37d71d21c112-300x169.jpeg 300w, https:\/\/www.universo-deportivo.com.ar\/wp-content\/uploads\/2026\/09\/91be6d7e-1b08-4efb-b923-37d71d21c112-768x432.jpeg 768w, https:\/\/www.universo-deportivo.com.ar\/wp-content\/uploads\/2026\/09\/91be6d7e-1b08-4efb-b923-37d71d21c112.jpeg 1280w\" sizes=\"(max-width: 1024px) 100vw, 1024px\" \/><\/a><\/figure>\n\n\n\n<p>Platense form\u00f3 con Juan Pablo Cozzani; Juan Ignacio Saborido, Ignacio V\u00e1zquez, Mateo Mendia y Tom\u00e1s Silva; Mart\u00edn Barrios e Iv\u00e1n G\u00f3mez; Nicol\u00e1s Retamar, Bautista Merlini y Franco Zapiola; Gonzalo Lencina.<\/p>\n\n\n\n<p>Deportivo Riestra aline\u00f3 a Ignacio Arce; Mariano Bracamonte, Facundo Mi\u00f1o, Cristian Paz, Ignacio Gariglio y Nicol\u00e1s Sansotre; Braian S\u00e1nchez, Milton C\u00e9liz y Jonatan Goit\u00eda; Tom\u00e1s Gonz\u00e1lez y Nicol\u00e1s Benegas.<\/p>\n\n\n\n<p>El &#8220;Marr\u00f3n&#8221; tuvo un buen arranque, y se mostr\u00f3 un poco m\u00e1s profundo en el comienzo del juego. A los 8&#8242; tuvo su primera llegada, a trav\u00e9s de una jugada colectiva que deriv\u00f3 en un ingreso de Retamar y el desv\u00edo de Arce al corner.<\/p>\n\n\n\n<figure class=\"wp-block-image size-large\"><a href=\"https:\/\/www.universo-deportivo.com.ar\/wp-content\/uploads\/2026\/09\/88d06774-3e5c-4211-922e-2a502313dfe3.jpeg\"><img loading=\"lazy\" width=\"1024\" height=\"576\" src=\"https:\/\/www.universo-deportivo.com.ar\/wp-content\/uploads\/2026\/09\/88d06774-3e5c-4211-922e-2a502313dfe3-1024x576.jpeg\" alt=\"\" class=\"wp-image-23121\" srcset=\"https:\/\/www.universo-deportivo.com.ar\/wp-content\/uploads\/2026\/09\/88d06774-3e5c-4211-922e-2a502313dfe3-1024x576.jpeg 1024w, https:\/\/www.universo-deportivo.com.ar\/wp-content\/uploads\/2026\/09\/88d06774-3e5c-4211-922e-2a502313dfe3-300x169.jpeg 300w, https:\/\/www.universo-deportivo.com.ar\/wp-content\/uploads\/2026\/09\/88d06774-3e5c-4211-922e-2a502313dfe3-768x432.jpeg 768w, https:\/\/www.universo-deportivo.com.ar\/wp-content\/uploads\/2026\/09\/88d06774-3e5c-4211-922e-2a502313dfe3.jpeg 1280w\" sizes=\"(max-width: 1024px) 100vw, 1024px\" \/><\/a><\/figure>\n\n\n\n<p>Insisti\u00f3 en su dominio, y a los 15&#8242; abri\u00f3 el marcador con un buen cabezazo de Gonzalo Lencia, que puso el partido 1-0 a favor de Platense.<\/p>\n\n\n\n<p>Gustavo Dur\u00f3, el DT de Riestra, entendi\u00f3 que el equipo estaba en dificultades, necesitaba m\u00e1s salida y decidi\u00f3 que a los 20&#8242; Pedro Ram\u00edrez ingresara por Ignacio Gariglio.<\/p>\n\n\n\n<p>Se adelant\u00f3 un poco m\u00e1s la visita, pero el mando del juego sigui\u00f3 en poder del &#8220;Calamar&#8221;.<\/p>\n\n\n\n<figure class=\"wp-block-image size-large\"><a href=\"https:\/\/www.universo-deportivo.com.ar\/wp-content\/uploads\/2026\/09\/a5ed52a2-5071-4305-ae4d-55f46dbfcaf5.jpeg\"><img loading=\"lazy\" width=\"1024\" height=\"576\" src=\"https:\/\/www.universo-deportivo.com.ar\/wp-content\/uploads\/2026\/09\/a5ed52a2-5071-4305-ae4d-55f46dbfcaf5-1024x576.jpeg\" alt=\"\" class=\"wp-image-23122\" srcset=\"https:\/\/www.universo-deportivo.com.ar\/wp-content\/uploads\/2026\/09\/a5ed52a2-5071-4305-ae4d-55f46dbfcaf5-1024x576.jpeg 1024w, https:\/\/www.universo-deportivo.com.ar\/wp-content\/uploads\/2026\/09\/a5ed52a2-5071-4305-ae4d-55f46dbfcaf5-300x169.jpeg 300w, https:\/\/www.universo-deportivo.com.ar\/wp-content\/uploads\/2026\/09\/a5ed52a2-5071-4305-ae4d-55f46dbfcaf5-768x432.jpeg 768w, https:\/\/www.universo-deportivo.com.ar\/wp-content\/uploads\/2026\/09\/a5ed52a2-5071-4305-ae4d-55f46dbfcaf5.jpeg 1280w\" sizes=\"(max-width: 1024px) 100vw, 1024px\" \/><\/a><\/figure>\n\n\n\n<p>En el complemento, volvi\u00f3 a meter mano Dur\u00f3 en el equipo, y a los 57&#8242; efectu\u00f3 la segunda variante: Alexander D\u00edaz reemplaz\u00f3 a Nicol\u00e1s Benegas.<\/p>\n\n\n\n<p>Pero era m\u00e1s ofensivo el local, que a los 61&#8242; lleg\u00f3 otra vez con un tiro de lejos de Iv\u00e1n G\u00f3mez, que pas\u00f3 muy cerca del arco de Arce.<\/p>\n\n\n\n<p>A los 65&#8242;, Mart\u00edn Palermo, entrenador de Platense, hizo los primeros dos cambios de su equipo. Celias Ingenthron reemplaz\u00f3 a Tom\u00e1s Silva, y Maximiliano Amarfil sustituy\u00f3 a Mart\u00edn Barrios.<\/p>\n\n\n\n<p>Y cont\u00f3 con una nueva chance el &#8220;Calamar&#8221;. Fue a los 66&#8242;, con un tiro libre que luego cabece\u00f3 Retamar, y la pelota pas\u00f3 muy cerca del travesa\u00f1o.<\/p>\n\n\n\n<figure class=\"wp-block-image size-large\"><a href=\"https:\/\/www.universo-deportivo.com.ar\/wp-content\/uploads\/2026\/09\/23d43ad4-53ea-43ff-b4bb-44be2594f8f6.jpeg\"><img loading=\"lazy\" width=\"1024\" height=\"576\" src=\"https:\/\/www.universo-deportivo.com.ar\/wp-content\/uploads\/2026\/09\/23d43ad4-53ea-43ff-b4bb-44be2594f8f6-1024x576.jpeg\" alt=\"\" class=\"wp-image-23123\" srcset=\"https:\/\/www.universo-deportivo.com.ar\/wp-content\/uploads\/2026\/09\/23d43ad4-53ea-43ff-b4bb-44be2594f8f6-1024x576.jpeg 1024w, https:\/\/www.universo-deportivo.com.ar\/wp-content\/uploads\/2026\/09\/23d43ad4-53ea-43ff-b4bb-44be2594f8f6-300x169.jpeg 300w, https:\/\/www.universo-deportivo.com.ar\/wp-content\/uploads\/2026\/09\/23d43ad4-53ea-43ff-b4bb-44be2594f8f6-768x432.jpeg 768w, https:\/\/www.universo-deportivo.com.ar\/wp-content\/uploads\/2026\/09\/23d43ad4-53ea-43ff-b4bb-44be2594f8f6.jpeg 1280w\" sizes=\"(max-width: 1024px) 100vw, 1024px\" \/><\/a><\/figure>\n\n\n\n<p>Estaba mejor Platense, y en un descuido Riestra lleg\u00f3 al empate. Fue una pelota a espaldas de los centrales, por ah\u00ed apareci\u00f3 Alexander D\u00edaz, quien sac\u00f3 un tremendo tiro, que puso el 1-1, cuando iban 70&#8242; de juego.<\/p>\n\n\n\n<p>Intent\u00f3 revertir la situaci\u00f3n Palermo, y a los 73&#8242; decidi\u00f3 hacer dos modificaciones m\u00e1s. Guido Mainero entr\u00f3 por Nicol\u00e1s Retamar, y Augusto Lotti ingres\u00f3 por Gonzalo Lencina.<\/p>\n\n\n\n<figure class=\"wp-block-image size-large\"><a href=\"https:\/\/www.universo-deportivo.com.ar\/wp-content\/uploads\/2026\/09\/c48f21f4-43f5-4a70-9a66-502c1a4a012e.jpeg\"><img loading=\"lazy\" width=\"1024\" height=\"576\" src=\"https:\/\/www.universo-deportivo.com.ar\/wp-content\/uploads\/2026\/09\/c48f21f4-43f5-4a70-9a66-502c1a4a012e-1024x576.jpeg\" alt=\"\" class=\"wp-image-23124\" srcset=\"https:\/\/www.universo-deportivo.com.ar\/wp-content\/uploads\/2026\/09\/c48f21f4-43f5-4a70-9a66-502c1a4a012e-1024x576.jpeg 1024w, https:\/\/www.universo-deportivo.com.ar\/wp-content\/uploads\/2026\/09\/c48f21f4-43f5-4a70-9a66-502c1a4a012e-300x169.jpeg 300w, https:\/\/www.universo-deportivo.com.ar\/wp-content\/uploads\/2026\/09\/c48f21f4-43f5-4a70-9a66-502c1a4a012e-768x432.jpeg 768w, https:\/\/www.universo-deportivo.com.ar\/wp-content\/uploads\/2026\/09\/c48f21f4-43f5-4a70-9a66-502c1a4a012e.jpeg 1280w\" sizes=\"(max-width: 1024px) 100vw, 1024px\" \/><\/a><\/figure>\n\n\n\n<p>La quinta variante se produjo a los 83&#8242;, cuando se acalambr\u00f3 Saborido y debi\u00f3 ser reemplazado por Agust\u00edn Lagos.<\/p>\n\n\n\n<p>En la visita, a los 86&#8242; Dur\u00f3 realiz\u00f3 la tercera modificaci\u00f3n. Gabriel Obredor sustituy\u00f3 a Tom\u00e1s Gonz\u00e1lez.<\/p>\n\n\n\n<p>A esa altura ya el partido parec\u00eda sellado. Platense fue con alg\u00fan \u00faltimo impulso, pero hab\u00eda agotado energ\u00edas y su mente ya viajaba a R\u00edo de Janeiro, donde vivir\u00e1 otra noche de ese sue\u00f1o que se llama la Copa.<\/p>\n\n\n\n<figure class=\"wp-block-image size-large\"><a href=\"https:\/\/www.universo-deportivo.com.ar\/wp-content\/uploads\/2026\/09\/5014fa3e-3710-4cd5-b160-b09701c9819b.jpeg\"><img loading=\"lazy\" width=\"1024\" height=\"576\" src=\"https:\/\/www.universo-deportivo.com.ar\/wp-content\/uploads\/2026\/09\/5014fa3e-3710-4cd5-b160-b09701c9819b-1024x576.jpeg\" alt=\"\" class=\"wp-image-23125\" srcset=\"https:\/\/www.universo-deportivo.com.ar\/wp-content\/uploads\/2026\/09\/5014fa3e-3710-4cd5-b160-b09701c9819b-1024x576.jpeg 1024w, https:\/\/www.universo-deportivo.com.ar\/wp-content\/uploads\/2026\/09\/5014fa3e-3710-4cd5-b160-b09701c9819b-300x169.jpeg 300w, https:\/\/www.universo-deportivo.com.ar\/wp-content\/uploads\/2026\/09\/5014fa3e-3710-4cd5-b160-b09701c9819b-768x432.jpeg 768w, https:\/\/www.universo-deportivo.com.ar\/wp-content\/uploads\/2026\/09\/5014fa3e-3710-4cd5-b160-b09701c9819b.jpeg 1280w\" sizes=\"(max-width: 1024px) 100vw, 1024px\" \/><\/a><\/figure>\n\n\n\n<figure class=\"wp-block-image\"><img alt=\"\"\/><\/figure>\n\n\n\n<p><strong>Hern\u00e1n O&#8217;Donnell<\/strong><\/p>\n","protected":false},"excerpt":{"rendered":"<p>El encuentro fue m\u00e1s entretenido de lo previsto. La &#8220;C\u00e1tedra&#8221; dec\u00eda que el partido iba a una irremediable igualdad con el marcador en blanco, pero Platense y Deportivo Riestra se las ingeniaron para armar un partido entretenido, con pocas llegadas, es verdad, pero con ganas y cierta inc\u00f3gnita en el resultado final. Fue empate 1-1, &hellip; <a href=\"https:\/\/www.universo-deportivo.com.ar\/?p=23117\" class=\"more-link\">Seguir leyendo <span class=\"screen-reader-text\">Platense comenz\u00f3 mejor, Riestra mejor\u00f3 en el complemento, pero el empate les sirve de poco<\/span> <span class=\"meta-nav\">&rarr;<\/span><\/a><\/p>\n","protected":false},"author":1,"featured_media":0,"comment_status":"closed","ping_status":"closed","sticky":false,"template":"","format":"standard","meta":[],"categories":[6],"tags":[],"_links":{"self":[{"href":"https:\/\/www.universo-deportivo.com.ar\/index.php?rest_route=\/wp\/v2\/posts\/23117"}],"collection":[{"href":"https:\/\/www.universo-deportivo.com.ar\/index.php?rest_route=\/wp\/v2\/posts"}],"about":[{"href":"https:\/\/www.universo-deportivo.com.ar\/index.php?rest_route=\/wp\/v2\/types\/post"}],"author":[{"embeddable":true,"href":"https:\/\/www.universo-deportivo.com.ar\/index.php?rest_route=\/wp\/v2\/users\/1"}],"replies":[{"embeddable":true,"href":"https:\/\/www.universo-deportivo.com.ar\/index.php?rest_route=%2Fwp%2Fv2%2Fcomments&post=23117"}],"version-history":[{"count":5,"href":"https:\/\/www.universo-deportivo.com.ar\/index.php?rest_route=\/wp\/v2\/posts\/23117\/revisions"}],"predecessor-version":[{"id":23128,"href":"https:\/\/www.universo-deportivo.com.ar\/index.php?rest_route=\/wp\/v2\/posts\/23117\/revisions\/23128"}],"wp:attachment":[{"href":"https:\/\/www.universo-deportivo.com.ar\/index.php?rest_route=%2Fwp%2Fv2%2Fmedia&parent=23117"}],"wp:term":[{"taxonomy":"category","embeddable":true,"href":"https:\/\/www.universo-deportivo.com.ar\/index.php?rest_route=%2Fwp%2Fv2%2Fcategories&post=23117"},{"taxonomy":"post_tag","embeddable":true,"href":"https:\/\/www.universo-deportivo.com.ar\/index.php?rest_route=%2Fwp%2Fv2%2Ftags&post=23117"}],"curies":[{"name":"wp","href":"https:\/\/api.w.org\/{rel}","templated":true}]}}